{"id":68,"date":"2026-01-25T13:54:49","date_gmt":"2026-01-25T12:54:49","guid":{"rendered":"https:\/\/krizevackistatuti.hr\/?p=68"},"modified":"2026-01-25T13:54:49","modified_gmt":"2026-01-25T12:54:49","slug":"u-krizevcima-odrzana-zavrsna-svecanost-5-nacionalnog-natjecaja-za-hrvatsku-vinsku-fotografiju-gdje-grozde-zri-a-vino-sapce","status":"publish","type":"post","link":"https:\/\/krizevackistatuti.hr\/?p=68","title":{"rendered":"U Kri\u017eevcima odr\u017eana zavr\u0161na sve\u010danost 5. Nacionalnog natje\u010daja za hrvatsku vinsku fotografiju: Gdje gro\u017e\u0111e zri, a vino \u0161ap\u0107e"},"content":{"rendered":"\n<p>U Hrvatskom domu u Kri\u017eevcima uz blagdan vinogradarskoga sveca sv. Vinka u subotu 24. sije\u010dnja 2026. odr\u017eana je zavr\u0161na sve\u010danost 5. Nacionalnog natje\u010daja za hrvatsku vinsku fotografiju. Dodijeljene su nagrade i pohvale autorima najuspjelijih fotografija koje su prispjele na natje\u010daj, predstavljen je fotokatalog <em>Gdje gro\u017e\u0111e zri, a vino \u0161ap\u0107e<\/em> sa \u0161irim izborom najuspjelijih fotografija, a doma\u0107ini su okupljenima prezentirali najpoznatije hrvatske vinsko-pajda\u0161ke regule <em>Kri\u017eeva\u010dke \u0161tatute<\/em> te izvodili vinu posve\u0107enu glazbu.<\/p>\n\n\n\n<p>Prvu nagradu stru\u010dnoga ocjenjiva\u010dkog suda, u kojem su bili vrsni hrvatski profesionalni fotografi Goran Mato\u0161evi\u0107 kao predsjednik te \u010dlanovi Mi\u0161o Li\u0161anin i Bernard \u010covi\u0107, dobio je Tomislav Vei\u0107 iz Zagreba za fotografiju <em>Carstvo babi\u0107a.<\/em> Drugu nagradu osvojio je Domagoj Sever iz Ivanca za fotografiju <em>Ilo\u010dki podrumi<\/em>, dok je tre\u0107u nagradu dobio Branko Te\u017eak iz Ivanca za fotografiju <em>Gnje\u010denje gro\u017e\u0111a<\/em>. Stru\u010dni ocjenjiva\u010dki sud posebno je pohvalio jo\u0161 i Niku Magdaleni\u0107a iz \u010cakovca za fotografiju <em>Trenutak prije prvoga gutljaja, <\/em>Leona Me\u017enari\u0107aiz Vara\u017edina za fotografiju <em>Dijalog boja, Danijela Pavli\u0107a<\/em> iz Hrvatske Kostajnice za fotografiju <em>Zdravica<\/em> te Vesnu \u0160poljar iz Zagreba za fotografiju<em> Poplava u istarskom vinogradu<\/em>. Nagradu publike osvojio je od struke pohvaljeni Niko Magdaleni\u0107 za fotografiju pod nazivom <em>Trenutak prije prvoga gutljaja<\/em>. Prva nagrada struke i publike bila je u vrijednosti od 350 eura, druga nagrada struke 250 eura, a tre\u0107a nagrada 150 eura. Svi su nagra\u0111eni dobili fotokataloge s dosada\u0161nja \u010detiri fotonatje\u010daja, a \u010destitali su im u ime Upravnog odbora Dru\u0161tva za o\u010duvanje kri\u017eeva\u010dke ba\u0161tine \u201eKri\u017eeva\u010dki \u0161tatuti\u201c Irena Tuk\u0161a, zamjenik kri\u017eeva\u010dkoga gradona\u010delnika Ivica \u0160vagelj te \u010dlanovi stru\u010dnoga ocjenjiva\u010dkog suda.<\/p>\n\n\n\n<p>Svima okupljenima darovan je fotokatalog <em>Gdje gro\u017e\u0111e zri, a vino \u0161ap\u0107e<\/em> koji je na 90 stranica uredila i predgovor napisala autorica fotonatje\u010daja Tanja Baran. U njemu je izbor od 36 fotografija 24 autora koje je izabralo tro\u010dlano povjerenstvo na natje\u010daju koji je trajao od 1. rujna do 1. prosinca 2025. Publika je birala najbolju fotografiju izme\u0111u tih 36 fotografija na Facebooku Dru\u0161tva \u201eKri\u017eeva\u010dki \u0161tatuti\u201c u bo\u017ei\u0107nom vremenu, od Badnjaka 24. prosinca 2025. do Bogojavljenja 6. sije\u010dnja 2026.<\/p>\n\n\n\n<p>Progla\u0161enju dobitnika prethodila je prezentacija <em>Kri\u017eeva\u010dkih \u0161tatuta<\/em> koju su kao hi\u017ena mamica i hi\u017eni japica izveli Vlasta Kli\u010dek i Zoran Homen, uz glazbenu pratnju <em>Kalni\u010dkih slavuja<\/em>, pjeva\u010dica, pjeva\u010da i tambura\u0161a s Kalnika.&nbsp;<\/p>\n\n\n\n<p>Odr\u017eavanje zavr\u0161ne sve\u010danosti organizirali su Dru\u0161tvo za o\u010duvanje kri\u017eeva\u010dke ba\u0161tine \u201eKri\u017eeva\u010dki \u0161tatuti\u201c i Grad Kri\u017eevci. Suorganizacijski je sudjelovao KTC Kri\u017eevci.<\/p>\n\n\n\n<figure class=\"wp-block-gallery has-nested-images columns-default is-cropped wp-block-gallery-1 is-layout-flex wp-block-gallery-is-layout-flex\">\n<figure class=\"wp-block-image size-large\"><a href=\"https:\/\/krizevackistatuti.hr\/wp-content\/uploads\/2026\/01\/01-Skupna.jpg\"><img loading=\"lazy\" decoding=\"async\" width=\"1024\" height=\"684\" data-id=\"70\" src=\"https:\/\/krizevackistatuti.hr\/wp-content\/uploads\/2026\/01\/01-Skupna-1024x684.jpg\" alt=\"\" class=\"wp-image-70\" srcset=\"https:\/\/krizevackistatuti.hr\/wp-content\/uploads\/2026\/01\/01-Skupna-1024x684.jpg 1024w, https:\/\/krizevackistatuti.hr\/wp-content\/uploads\/2026\/01\/01-Skupna-300x200.jpg 300w, https:\/\/krizevackistatuti.hr\/wp-content\/uploads\/2026\/01\/01-Skupna-768x513.jpg 768w, https:\/\/krizevackistatuti.hr\/wp-content\/uploads\/2026\/01\/01-Skupna-1536x1026.jpg 1536w, https:\/\/krizevackistatuti.hr\/wp-content\/uploads\/2026\/01\/01-Skupna.jpg 1920w\" sizes=\"auto, (max-width: 1024px) 100vw, 1024px\" \/><\/a><\/figure>\n\n\n\n<figure class=\"wp-block-image size-large\"><a href=\"https:\/\/krizevackistatuti.hr\/wp-content\/uploads\/2026\/01\/02-Dodjela-nagrada-Ivica-Svagelj-Irena-Tuksa-Goran-Matosevic.jpg\"><img loading=\"lazy\" decoding=\"async\" width=\"1024\" height=\"682\" data-id=\"69\" src=\"https:\/\/krizevackistatuti.hr\/wp-content\/uploads\/2026\/01\/02-Dodjela-nagrada-Ivica-Svagelj-Irena-Tuksa-Goran-Matosevic-1024x682.jpg\" alt=\"\" class=\"wp-image-69\" srcset=\"https:\/\/krizevackistatuti.hr\/wp-content\/uploads\/2026\/01\/02-Dodjela-nagrada-Ivica-Svagelj-Irena-Tuksa-Goran-Matosevic-1024x682.jpg 1024w, https:\/\/krizevackistatuti.hr\/wp-content\/uploads\/2026\/01\/02-Dodjela-nagrada-Ivica-Svagelj-Irena-Tuksa-Goran-Matosevic-300x200.jpg 300w, https:\/\/krizevackistatuti.hr\/wp-content\/uploads\/2026\/01\/02-Dodjela-nagrada-Ivica-Svagelj-Irena-Tuksa-Goran-Matosevic-768x512.jpg 768w, https:\/\/krizevackistatuti.hr\/wp-content\/uploads\/2026\/01\/02-Dodjela-nagrada-Ivica-Svagelj-Irena-Tuksa-Goran-Matosevic-1536x1023.jpg 1536w, https:\/\/krizevackistatuti.hr\/wp-content\/uploads\/2026\/01\/02-Dodjela-nagrada-Ivica-Svagelj-Irena-Tuksa-Goran-Matosevic.jpg 1600w\" sizes=\"auto, (max-width: 1024px) 100vw, 1024px\" \/><\/a><\/figure>\n\n\n\n<figure class=\"wp-block-image size-large\"><a href=\"https:\/\/krizevackistatuti.hr\/wp-content\/uploads\/2026\/01\/03-Strucni-ocjenjivacki-sud-Goran-Matosevic-Bernard-Covic-Miso-Lisanin.jpg\"><img loading=\"lazy\" decoding=\"async\" width=\"1024\" height=\"683\" data-id=\"71\" src=\"https:\/\/krizevackistatuti.hr\/wp-content\/uploads\/2026\/01\/03-Strucni-ocjenjivacki-sud-Goran-Matosevic-Bernard-Covic-Miso-Lisanin-1024x683.jpg\" alt=\"\" class=\"wp-image-71\" srcset=\"https:\/\/krizevackistatuti.hr\/wp-content\/uploads\/2026\/01\/03-Strucni-ocjenjivacki-sud-Goran-Matosevic-Bernard-Covic-Miso-Lisanin-1024x683.jpg 1024w, https:\/\/krizevackistatuti.hr\/wp-content\/uploads\/2026\/01\/03-Strucni-ocjenjivacki-sud-Goran-Matosevic-Bernard-Covic-Miso-Lisanin-300x200.jpg 300w, https:\/\/krizevackistatuti.hr\/wp-content\/uploads\/2026\/01\/03-Strucni-ocjenjivacki-sud-Goran-Matosevic-Bernard-Covic-Miso-Lisanin-768x512.jpg 768w, https:\/\/krizevackistatuti.hr\/wp-content\/uploads\/2026\/01\/03-Strucni-ocjenjivacki-sud-Goran-Matosevic-Bernard-Covic-Miso-Lisanin-1536x1025.jpg 1536w, https:\/\/krizevackistatuti.hr\/wp-content\/uploads\/2026\/01\/03-Strucni-ocjenjivacki-sud-Goran-Matosevic-Bernard-Covic-Miso-Lisanin.jpg 1784w\" sizes=\"auto, (max-width: 1024px) 100vw, 1024px\" \/><\/a><\/figure>\n\n\n\n<figure class=\"wp-block-image size-large\"><a href=\"https:\/\/krizevackistatuti.hr\/wp-content\/uploads\/2026\/01\/04-Autorica-natjecaja-Tanja-Baran-dogradonacelnik-Ivica-Svagelj.jpg\"><img loading=\"lazy\" decoding=\"async\" width=\"1024\" height=\"683\" data-id=\"74\" src=\"https:\/\/krizevackistatuti.hr\/wp-content\/uploads\/2026\/01\/04-Autorica-natjecaja-Tanja-Baran-dogradonacelnik-Ivica-Svagelj-1024x683.jpg\" alt=\"\" class=\"wp-image-74\" srcset=\"https:\/\/krizevackistatuti.hr\/wp-content\/uploads\/2026\/01\/04-Autorica-natjecaja-Tanja-Baran-dogradonacelnik-Ivica-Svagelj-1024x683.jpg 1024w, https:\/\/krizevackistatuti.hr\/wp-content\/uploads\/2026\/01\/04-Autorica-natjecaja-Tanja-Baran-dogradonacelnik-Ivica-Svagelj-300x200.jpg 300w, https:\/\/krizevackistatuti.hr\/wp-content\/uploads\/2026\/01\/04-Autorica-natjecaja-Tanja-Baran-dogradonacelnik-Ivica-Svagelj-768x512.jpg 768w, https:\/\/krizevackistatuti.hr\/wp-content\/uploads\/2026\/01\/04-Autorica-natjecaja-Tanja-Baran-dogradonacelnik-Ivica-Svagelj-1536x1024.jpg 1536w, https:\/\/krizevackistatuti.hr\/wp-content\/uploads\/2026\/01\/04-Autorica-natjecaja-Tanja-Baran-dogradonacelnik-Ivica-Svagelj.jpg 2016w\" sizes=\"auto, (max-width: 1024px) 100vw, 1024px\" \/><\/a><\/figure>\n\n\n\n<figure class=\"wp-block-image size-large\"><a href=\"https:\/\/krizevackistatuti.hr\/wp-content\/uploads\/2026\/01\/05-Clanice-Drustva-Krizevacki-statuti-dogradonacelnik-Ivica-Svagelj-i-strucni-ocjenjivacki-sud.jpg\"><img loading=\"lazy\" decoding=\"async\" width=\"1024\" height=\"682\" data-id=\"72\" src=\"https:\/\/krizevackistatuti.hr\/wp-content\/uploads\/2026\/01\/05-Clanice-Drustva-Krizevacki-statuti-dogradonacelnik-Ivica-Svagelj-i-strucni-ocjenjivacki-sud-1024x682.jpg\" alt=\"\" class=\"wp-image-72\" srcset=\"https:\/\/krizevackistatuti.hr\/wp-content\/uploads\/2026\/01\/05-Clanice-Drustva-Krizevacki-statuti-dogradonacelnik-Ivica-Svagelj-i-strucni-ocjenjivacki-sud-1024x682.jpg 1024w, https:\/\/krizevackistatuti.hr\/wp-content\/uploads\/2026\/01\/05-Clanice-Drustva-Krizevacki-statuti-dogradonacelnik-Ivica-Svagelj-i-strucni-ocjenjivacki-sud-300x200.jpg 300w, https:\/\/krizevackistatuti.hr\/wp-content\/uploads\/2026\/01\/05-Clanice-Drustva-Krizevacki-statuti-dogradonacelnik-Ivica-Svagelj-i-strucni-ocjenjivacki-sud-768x512.jpg 768w, https:\/\/krizevackistatuti.hr\/wp-content\/uploads\/2026\/01\/05-Clanice-Drustva-Krizevacki-statuti-dogradonacelnik-Ivica-Svagelj-i-strucni-ocjenjivacki-sud-1536x1023.jpg 1536w, https:\/\/krizevackistatuti.hr\/wp-content\/uploads\/2026\/01\/05-Clanice-Drustva-Krizevacki-statuti-dogradonacelnik-Ivica-Svagelj-i-strucni-ocjenjivacki-sud.jpg 1656w\" sizes=\"auto, (max-width: 1024px) 100vw, 1024px\" \/><\/a><\/figure>\n\n\n\n<figure class=\"wp-block-image size-large\"><a href=\"https:\/\/krizevackistatuti.hr\/wp-content\/uploads\/2026\/01\/06-Hizni-japica-Zoran-Homen-i-hizne-mamice-Tanja-Baran-i-Vlasta-Klicek.jpg\"><img loading=\"lazy\" decoding=\"async\" width=\"1024\" height=\"674\" data-id=\"73\" src=\"https:\/\/krizevackistatuti.hr\/wp-content\/uploads\/2026\/01\/06-Hizni-japica-Zoran-Homen-i-hizne-mamice-Tanja-Baran-i-Vlasta-Klicek-1024x674.jpg\" alt=\"\" class=\"wp-image-73\" srcset=\"https:\/\/krizevackistatuti.hr\/wp-content\/uploads\/2026\/01\/06-Hizni-japica-Zoran-Homen-i-hizne-mamice-Tanja-Baran-i-Vlasta-Klicek-1024x674.jpg 1024w, https:\/\/krizevackistatuti.hr\/wp-content\/uploads\/2026\/01\/06-Hizni-japica-Zoran-Homen-i-hizne-mamice-Tanja-Baran-i-Vlasta-Klicek-300x198.jpg 300w, https:\/\/krizevackistatuti.hr\/wp-content\/uploads\/2026\/01\/06-Hizni-japica-Zoran-Homen-i-hizne-mamice-Tanja-Baran-i-Vlasta-Klicek-768x506.jpg 768w, https:\/\/krizevackistatuti.hr\/wp-content\/uploads\/2026\/01\/06-Hizni-japica-Zoran-Homen-i-hizne-mamice-Tanja-Baran-i-Vlasta-Klicek-1536x1011.jpg 1536w, https:\/\/krizevackistatuti.hr\/wp-content\/uploads\/2026\/01\/06-Hizni-japica-Zoran-Homen-i-hizne-mamice-Tanja-Baran-i-Vlasta-Klicek.jpg 1786w\" sizes=\"auto, (max-width: 1024px) 100vw, 1024px\" \/><\/a><\/figure>\n\n\n\n<figure class=\"wp-block-image size-large\"><a href=\"https:\/\/krizevackistatuti.hr\/wp-content\/uploads\/2026\/01\/07-Prva-nagrada-Tomislav-Veic-Carstvo-babica.jpg\"><img loading=\"lazy\" decoding=\"async\" width=\"1024\" height=\"683\" data-id=\"75\" src=\"https:\/\/krizevackistatuti.hr\/wp-content\/uploads\/2026\/01\/07-Prva-nagrada-Tomislav-Veic-Carstvo-babica-1024x683.jpg\" alt=\"\" class=\"wp-image-75\" srcset=\"https:\/\/krizevackistatuti.hr\/wp-content\/uploads\/2026\/01\/07-Prva-nagrada-Tomislav-Veic-Carstvo-babica-1024x683.jpg 1024w, https:\/\/krizevackistatuti.hr\/wp-content\/uploads\/2026\/01\/07-Prva-nagrada-Tomislav-Veic-Carstvo-babica-300x200.jpg 300w, https:\/\/krizevackistatuti.hr\/wp-content\/uploads\/2026\/01\/07-Prva-nagrada-Tomislav-Veic-Carstvo-babica-768x512.jpg 768w, https:\/\/krizevackistatuti.hr\/wp-content\/uploads\/2026\/01\/07-Prva-nagrada-Tomislav-Veic-Carstvo-babica.jpg 1080w\" sizes=\"auto, (max-width: 1024px) 100vw, 1024px\" \/><\/a><\/figure>\n\n\n\n<figure class=\"wp-block-image size-large\"><a href=\"https:\/\/krizevackistatuti.hr\/wp-content\/uploads\/2026\/01\/08-Druga-nagrada-Domagoj-Sever-Ilocki-podrumi.jpg\"><img loading=\"lazy\" decoding=\"async\" width=\"1024\" height=\"684\" data-id=\"76\" src=\"https:\/\/krizevackistatuti.hr\/wp-content\/uploads\/2026\/01\/08-Druga-nagrada-Domagoj-Sever-Ilocki-podrumi-1024x684.jpg\" alt=\"\" class=\"wp-image-76\" srcset=\"https:\/\/krizevackistatuti.hr\/wp-content\/uploads\/2026\/01\/08-Druga-nagrada-Domagoj-Sever-Ilocki-podrumi-1024x684.jpg 1024w, https:\/\/krizevackistatuti.hr\/wp-content\/uploads\/2026\/01\/08-Druga-nagrada-Domagoj-Sever-Ilocki-podrumi-300x200.jpg 300w, https:\/\/krizevackistatuti.hr\/wp-content\/uploads\/2026\/01\/08-Druga-nagrada-Domagoj-Sever-Ilocki-podrumi-768x513.jpg 768w, https:\/\/krizevackistatuti.hr\/wp-content\/uploads\/2026\/01\/08-Druga-nagrada-Domagoj-Sever-Ilocki-podrumi.jpg 1200w\" sizes=\"auto, (max-width: 1024px) 100vw, 1024px\" \/><\/a><\/figure>\n\n\n\n<figure class=\"wp-block-image size-large\"><a href=\"https:\/\/krizevackistatuti.hr\/wp-content\/uploads\/2026\/01\/09-Treca-nagrada-Branko-Tezak-Gnjecenje-grozda.jpg\"><img loading=\"lazy\" decoding=\"async\" width=\"683\" height=\"1024\" data-id=\"77\" src=\"https:\/\/krizevackistatuti.hr\/wp-content\/uploads\/2026\/01\/09-Treca-nagrada-Branko-Tezak-Gnjecenje-grozda-683x1024.jpg\" alt=\"\" class=\"wp-image-77\" srcset=\"https:\/\/krizevackistatuti.hr\/wp-content\/uploads\/2026\/01\/09-Treca-nagrada-Branko-Tezak-Gnjecenje-grozda-683x1024.jpg 683w, https:\/\/krizevackistatuti.hr\/wp-content\/uploads\/2026\/01\/09-Treca-nagrada-Branko-Tezak-Gnjecenje-grozda-200x300.jpg 200w, https:\/\/krizevackistatuti.hr\/wp-content\/uploads\/2026\/01\/09-Treca-nagrada-Branko-Tezak-Gnjecenje-grozda-768x1152.jpg 768w, https:\/\/krizevackistatuti.hr\/wp-content\/uploads\/2026\/01\/09-Treca-nagrada-Branko-Tezak-Gnjecenje-grozda.jpg 819w\" sizes=\"auto, (max-width: 683px) 100vw, 683px\" \/><\/a><\/figure>\n\n\n\n<figure class=\"wp-block-image size-large\"><a href=\"https:\/\/krizevackistatuti.hr\/wp-content\/uploads\/2026\/01\/010-Nagrada-publike-Niko-Magdalenic-Trenutak-prije-prvoga-gutljaja.jpg\"><img loading=\"lazy\" decoding=\"async\" width=\"768\" height=\"1024\" data-id=\"78\" src=\"https:\/\/krizevackistatuti.hr\/wp-content\/uploads\/2026\/01\/010-Nagrada-publike-Niko-Magdalenic-Trenutak-prije-prvoga-gutljaja-768x1024.jpg\" alt=\"\" class=\"wp-image-78\" srcset=\"https:\/\/krizevackistatuti.hr\/wp-content\/uploads\/2026\/01\/010-Nagrada-publike-Niko-Magdalenic-Trenutak-prije-prvoga-gutljaja-768x1023.jpg 768w, https:\/\/krizevackistatuti.hr\/wp-content\/uploads\/2026\/01\/010-Nagrada-publike-Niko-Magdalenic-Trenutak-prije-prvoga-gutljaja-225x300.jpg 225w, https:\/\/krizevackistatuti.hr\/wp-content\/uploads\/2026\/01\/010-Nagrada-publike-Niko-Magdalenic-Trenutak-prije-prvoga-gutljaja-1153x1536.jpg 1153w, https:\/\/krizevackistatuti.hr\/wp-content\/uploads\/2026\/01\/010-Nagrada-publike-Niko-Magdalenic-Trenutak-prije-prvoga-gutljaja.jpg 1314w\" sizes=\"auto, (max-width: 768px) 100vw, 768px\" \/><\/a><\/figure>\n\n\n\n<figure class=\"wp-block-image size-large\"><a href=\"https:\/\/krizevackistatuti.hr\/wp-content\/uploads\/2026\/01\/011-Naslovnica-fotokataloga-3d.jpg\"><img loading=\"lazy\" decoding=\"async\" width=\"234\" height=\"191\" data-id=\"79\" src=\"https:\/\/krizevackistatuti.hr\/wp-content\/uploads\/2026\/01\/011-Naslovnica-fotokataloga-3d.jpg\" alt=\"\" class=\"wp-image-79\"\/><\/a><\/figure>\n<\/figure>\n","protected":false},"excerpt":{"rendered":"<p>U Hrvatskom domu u Kri\u017eevcima uz blagdan vinogradarskoga sveca sv. Vinka u subotu 24. sije\u010dnja 2026. odr\u017eana je zavr\u0161na sve\u010danost 5. Nacionalnog natje\u010daja za hrvatsku vinsku fotografiju. Dodijeljene su nagrade&#8230; <a class=\"read-more\" href=\"https:\/\/krizevackistatuti.hr\/?p=68\">[Nastavi s \u010ditanjem]<\/a><\/p>\n","protected":false},"author":2,"featured_media":70,"comment_status":"closed","ping_status":"closed","sticky":false,"template":"","format":"standard","meta":{"footnotes":""},"categories":[4],"tags":[],"class_list":["post-68","post","type-post","status-publish","format-standard","has-post-thumbnail","hentry","category-aktualnosti"],"_links":{"self":[{"href":"https:\/\/krizevackistatuti.hr\/index.php?rest_route=\/wp\/v2\/posts\/68","targetHints":{"allow":["GET"]}}],"collection":[{"href":"https:\/\/krizevackistatuti.hr\/index.php?rest_route=\/wp\/v2\/posts"}],"about":[{"href":"https:\/\/krizevackistatuti.hr\/index.php?rest_route=\/wp\/v2\/types\/post"}],"author":[{"embeddable":true,"href":"https:\/\/krizevackistatuti.hr\/index.php?rest_route=\/wp\/v2\/users\/2"}],"replies":[{"embeddable":true,"href":"https:\/\/krizevackistatuti.hr\/index.php?rest_route=%2Fwp%2Fv2%2Fcomments&post=68"}],"version-history":[{"count":1,"href":"https:\/\/krizevackistatuti.hr\/index.php?rest_route=\/wp\/v2\/posts\/68\/revisions"}],"predecessor-version":[{"id":80,"href":"https:\/\/krizevackistatuti.hr\/index.php?rest_route=\/wp\/v2\/posts\/68\/revisions\/80"}],"wp:featuredmedia":[{"embeddable":true,"href":"https:\/\/krizevackistatuti.hr\/index.php?rest_route=\/wp\/v2\/media\/70"}],"wp:attachment":[{"href":"https:\/\/krizevackistatuti.hr\/index.php?rest_route=%2Fwp%2Fv2%2Fmedia&parent=68"}],"wp:term":[{"taxonomy":"category","embeddable":true,"href":"https:\/\/krizevackistatuti.hr\/index.php?rest_route=%2Fwp%2Fv2%2Fcategories&post=68"},{"taxonomy":"post_tag","embeddable":true,"href":"https:\/\/krizevackistatuti.hr\/index.php?rest_route=%2Fwp%2Fv2%2Ftags&post=68"}],"curies":[{"name":"wp","href":"https:\/\/api.w.org\/{rel}","templated":true}]}}